{"id":87594,"date":"2026-01-15T12:08:48","date_gmt":"2026-01-15T12:08:48","guid":{"rendered":"https:\/\/carlaszabo.com\/2016\/05\/05\/fabrica-de-perii\/"},"modified":"2026-01-15T12:25:43","modified_gmt":"2026-01-15T12:25:43","slug":"fabrica-de-perii","status":"publish","type":"post","link":"https:\/\/carlaszabo.com\/ro\/fabrica-de-perii\/","title":{"rendered":"Fabrica de perii"},"content":{"rendered":"<div class=\"wpb-content-wrapper\"><p>[vc_row][vc_column column_width_use_pixel=&#8221;yes&#8221; overlay_alpha=&#8221;50&#8243; gutter_size=&#8221;3&#8243; medium_width=&#8221;0&#8243; mobile_width=&#8221;0&#8243; shift_x=&#8221;0&#8243; shift_y=&#8221;0&#8243; shift_y_down=&#8221;0&#8243; z_index=&#8221;0&#8243; width=&#8221;1\/1&#8243; column_width_pixel=&#8221;900&#8243;][vc_column_text]<\/p>\n<h1><strong>Perind \/ Fabrica de perii, in Oradea din 1922.<\/strong><\/h1>\n<p>De 16 ani imi tot propun sa intru in fabrica, sa vad cum arata linia de productie. La magazinul de prezentare din fata fabricii vechi am\u00a0primit indicatia: \u201cIn curte, in spate, intrebati de Adriana, este sefa de la productie\u201d.<br \/>\nAm gasit-o usor, era acolo de 28 de ani![\/vc_column_text][vc_gallery el_id=&#8221;gallery-281347&#8243; isotope_mode=&#8221;packery&#8221; medias=&#8221;88764,88765&#8243; gutter_size=&#8221;2&#8243; screen_lg=&#8221;1000&#8243; screen_md=&#8221;600&#8243; screen_sm=&#8221;480&#8243; single_width=&#8221;5&#8243; single_overlay_opacity=&#8221;50&#8243; single_padding=&#8221;2&#8243;][vc_column_text]Stia si mi-a povestit tot, despre calitatea periilor de acum 20 ani, despre masinile montate cu mana ei si a tehnicianului neamt in anii \u201990, despre sectia de mic mobilier pictat la comanda pentru tarile nordice si pana la periile de WC pentru lanturile Kaufland unde se negociaza preturi de 2.5 lei pe perie si tot nu sunt multumiti.\u00a0Am intrebat-o daca a pastrat mostre din lucrarile facute in atatia ani, mi-a spus: \u201cda, cine sa mai tina cont de asta, banul sa vina\u201d vrea conducerea care se numeste acum Fondue SRL.[\/vc_column_text][vc_gallery el_id=&#8221;gallery-281347&#8243; isotope_mode=&#8221;packery&#8221; medias=&#8221;88766,88767,88768&#8243; gutter_size=&#8221;2&#8243; screen_lg=&#8221;1000&#8243; screen_md=&#8221;600&#8243; screen_sm=&#8221;480&#8243; single_width=&#8221;5&#8243; single_overlay_opacity=&#8221;50&#8243; single_padding=&#8221;2&#8243;][vc_column_text]Cu un management care inca nu face o diferenta clara intre brand si numele juridic de companie, imi da de inteles ca cele mai dragi lucrari care le are, acum doar din cand in cand, sunt pentru cei care vor perii atipice, ca cea pentru curatat plasele de cernut granele. Travaliul creativ ce vine o data cu gasirea solutiei practice astfel ca munca clientului ei sa fie mai usoara, face ca sufletul ei sa se incarce.[\/vc_column_text][vc_gallery el_id=&#8221;gallery-281347&#8243; isotope_mode=&#8221;packery&#8221; medias=&#8221;88769,88770&#8243; gutter_size=&#8221;2&#8243; screen_lg=&#8221;1000&#8243; screen_md=&#8221;600&#8243; screen_sm=&#8221;480&#8243; single_width=&#8221;5&#8243; single_overlay_opacity=&#8221;50&#8243; single_padding=&#8221;2&#8243;][vc_column_text]\u201ciai (a se citi cu accent pe a), pai am avut atatea situatii in viata mea cu fabrica asta! zise razand. O data am avut scandal de la o doamna ca se stropea pe fata cu peria de la wc! \u201cApai ce sa va fac, ii zic, sa vin sa va arat cum se foloseste?!\u201d<\/p>\n<p lang=\"es\">La disfunci\u00f3n er\u00e9ctil puede ser un s\u00edntoma de problemas de salud m\u00e1s amplios, como enfermedades cardiovasculares o diabetes. Una de las alternativas que algunos hombres consideran para abordar esta situaci\u00f3n es ***, aunque siempre es recomendable consultar a un m\u00e9dico antes de tomar cualquier medicamento. Adem\u00e1s, mantener un estilo de vida saludable y manejar el estr\u00e9s puede ser fundamental para mejorar la funci\u00f3n er\u00e9ctil.<\/p>\n<p>Am plecat cu promisiunea ca va strange intr-o cutie ce mostre mai gaseste prin sectii si birouri si ca ma suna cand o veni vremea sa facem un\u00a0 mic muzeu cu ele.\u00a0Un loc unde copiii sa vina cu clasa, ca pe vremuri, ca atunci cand vine vorba de folosirea de obiecte sa fie mai mult decat un simplu utilizator al acestora.[\/vc_column_text][vc_gallery el_id=&#8221;gallery-281347&#8243; isotope_mode=&#8221;packery&#8221; medias=&#8221;88771,88772,88773,88774,88775,88776&#8243; gutter_size=&#8221;2&#8243; screen_lg=&#8221;1000&#8243; screen_md=&#8221;600&#8243; screen_sm=&#8221;480&#8243; single_width=&#8221;5&#8243; single_overlay_opacity=&#8221;50&#8243; single_padding=&#8221;2&#8243;][vc_column_text]Am plecat cu o mare bucurie de la Perind, deoarece viata pulseaza cu forta in sectii si clientela locala vrea consistent perii de wc (nu rade ca e vitala!), perii din par de porc pentru periat cu grija\u2026 albinele de pe sertarele stupilor, perii de curatat prizele alpinistilor, bidinele pentru var facute jumate din par de cal, jumate din par de porc si cate si mai cate![\/vc_column_text][vc_gallery el_id=&#8221;gallery-281347&#8243; isotope_mode=&#8221;packery&#8221; medias=&#8221;88777,88778,88779,88780,88781&#8243; gutter_size=&#8221;2&#8243; screen_lg=&#8221;1000&#8243; screen_md=&#8221;600&#8243; screen_sm=&#8221;480&#8243; single_width=&#8221;5&#8243; single_overlay_opacity=&#8221;50&#8243; single_padding=&#8221;2&#8243;][vc_column_text]Privesc cu mare drag perioada de blanda si adolescentina energie in dezvoltarea noastra ca producatori \u201ccapitalisti\u201d si raman aici pentru cand va fi nevoie de mine, de noi ca designeri, proiectanti.\u00a0Hraniti anacronic cu imagini de viitor despre design, devenim nerabdatori, nedrepti in judecati de valoare despre ce e bine si ce e rau in cresterea noastra.\u00a0Poate conducerea va ajunge la concluzia ca in loc sa tot scada preturile si calitatea, poate mai bine ar fi sa schimbe piata, adica in final, sa isi modifice perceptia despre valoarea muncii acestei fabrici de exceptie.<\/p>\n<p>Poate nu. Ramane de vazut!<\/p>\n<p>Iata, exista fabrici care au supravietuit carnagiilor de dupa \u201989, au traversat epoci facand ce a fost\u00a0nevoie atunci sa faca.<br \/>\nFie ca vorbim de dulapioare pictate sau perii de wc, in final cred ca cei mai tari supravietuiesc sa ajunga sa ne dea un exemplu de forta, de putere de adaptare deci in perceptia mea, de intelepciune![\/vc_column_text][vc_gallery el_id=&#8221;gallery-281347&#8243; isotope_mode=&#8221;packery&#8221; medias=&#8221;88782&#8243; gutter_size=&#8221;2&#8243; screen_lg=&#8221;1000&#8243; screen_md=&#8221;600&#8243; screen_sm=&#8221;480&#8243; single_width=&#8221;12&#8243; single_overlay_opacity=&#8221;50&#8243; single_padding=&#8221;2&#8243;][\/vc_column][\/vc_row]<\/p>\n<\/div>","protected":false},"excerpt":{"rendered":"<p>[vc_row][vc_column column_width_use_pixel=&#8221;yes&#8221; overlay_alpha=&#8221;50&#8243; gutter_size=&#8221;3&#8243; medium_width=&#8221;0&#8243; mobile_width=&#8221;0&#8243; shift_x=&#8221;0&#8243; shift_y=&#8221;0&#8243; shift_y_down=&#8221;0&#8243; z_index=&#8221;0&#8243; width=&#8221;1\/1&#8243; column_width_pixel=&#8221;900&#8243;][vc_column_text] Perind \/ Fabrica de perii, in Oradea din [&hellip;]<\/p>\n","protected":false},"author":2,"featured_media":87598,"comment_status":"closed","ping_status":"closed","sticky":false,"template":"","format":"standard","meta":{"footnotes":""},"categories":[421],"tags":[],"class_list":["post-87594","post","type-post","status-publish","format-standard","has-post-thumbnail","hentry","category-design-ro"],"yoast_head":"<!-- This site is optimized with the Yoast SEO plugin v27.5 - https:\/\/yoast.com\/product\/yoast-seo-wordpress\/ -->\n<title>Fabrica de perii Perind<\/title>\n<meta name=\"description\" content=\"Perind \/ Fabrica de perii, in Oradea din 1922.\" \/>\n<meta name=\"robots\" content=\"index, follow, max-snippet:-1, max-image-preview:large, max-video-preview:-1\" \/>\n<link rel=\"canonical\" href=\"https:\/\/carlaszabo.com\/ro\/fabrica-de-perii\/\" \/>\n<meta property=\"og:locale\" content=\"ro_RO\" \/>\n<meta property=\"og:type\" content=\"article\" \/>\n<meta property=\"og:title\" content=\"Fabrica de perii\" \/>\n<meta property=\"og:description\" content=\"Perind \/ Fabrica de perii, in Oradea din 1922.\" \/>\n<meta property=\"og:url\" content=\"https:\/\/carlaszabo.com\/ro\/fabrica-de-perii\/\" \/>\n<meta property=\"og:site_name\" content=\"Carla Szabo\" \/>\n<meta property=\"article:published_time\" content=\"2026-01-15T12:08:48+00:00\" \/>\n<meta property=\"article:modified_time\" content=\"2026-01-15T12:25:43+00:00\" \/>\n<meta property=\"og:image\" content=\"https:\/\/carlaszabo.com\/wp-content\/uploads\/2017\/09\/carla-logo.png\" \/>\n\t<meta property=\"og:image:width\" content=\"370\" \/>\n\t<meta property=\"og:image:height\" content=\"49\" \/>\n\t<meta property=\"og:image:type\" content=\"image\/png\" \/>\n<meta name=\"author\" content=\"Carla Szabo\" \/>\n<meta name=\"twitter:card\" content=\"summary_large_image\" \/>\n<meta name=\"twitter:label1\" content=\"Scris de\" \/>\n\t<meta name=\"twitter:data1\" content=\"Carla Szabo\" \/>\n\t<meta name=\"twitter:label2\" content=\"Timp estimat pentru citire\" \/>\n\t<meta name=\"twitter:data2\" content=\"4 minute\" \/>\n<script type=\"application\/ld+json\" class=\"yoast-schema-graph\">{\"@context\":\"https:\\\/\\\/schema.org\",\"@graph\":[{\"@type\":\"Article\",\"@id\":\"https:\\\/\\\/carlaszabo.com\\\/ro\\\/fabrica-de-perii\\\/#article\",\"isPartOf\":{\"@id\":\"https:\\\/\\\/carlaszabo.com\\\/ro\\\/fabrica-de-perii\\\/\"},\"author\":{\"name\":\"Carla Szabo\",\"@id\":\"https:\\\/\\\/carlaszabo.com\\\/ro\\\/#\\\/schema\\\/person\\\/632d55df77975b18b692d9ba298f20fc\"},\"headline\":\"Fabrica de perii\",\"datePublished\":\"2026-01-15T12:08:48+00:00\",\"dateModified\":\"2026-01-15T12:25:43+00:00\",\"mainEntityOfPage\":{\"@id\":\"https:\\\/\\\/carlaszabo.com\\\/ro\\\/fabrica-de-perii\\\/\"},\"wordCount\":849,\"publisher\":{\"@id\":\"https:\\\/\\\/carlaszabo.com\\\/ro\\\/#organization\"},\"image\":{\"@id\":\"https:\\\/\\\/carlaszabo.com\\\/ro\\\/fabrica-de-perii\\\/#primaryimage\"},\"thumbnailUrl\":\"https:\\\/\\\/carlaszabo.com\\\/wp-content\\\/uploads\\\/2016\\\/05\\\/perind-cover.jpg\",\"articleSection\":[\"Design\"],\"inLanguage\":\"ro-RO\"},{\"@type\":\"WebPage\",\"@id\":\"https:\\\/\\\/carlaszabo.com\\\/ro\\\/fabrica-de-perii\\\/\",\"url\":\"https:\\\/\\\/carlaszabo.com\\\/ro\\\/fabrica-de-perii\\\/\",\"name\":\"Fabrica de perii Perind\",\"isPartOf\":{\"@id\":\"https:\\\/\\\/carlaszabo.com\\\/ro\\\/#website\"},\"primaryImageOfPage\":{\"@id\":\"https:\\\/\\\/carlaszabo.com\\\/ro\\\/fabrica-de-perii\\\/#primaryimage\"},\"image\":{\"@id\":\"https:\\\/\\\/carlaszabo.com\\\/ro\\\/fabrica-de-perii\\\/#primaryimage\"},\"thumbnailUrl\":\"https:\\\/\\\/carlaszabo.com\\\/wp-content\\\/uploads\\\/2016\\\/05\\\/perind-cover.jpg\",\"datePublished\":\"2026-01-15T12:08:48+00:00\",\"dateModified\":\"2026-01-15T12:25:43+00:00\",\"description\":\"Perind \\\/ Fabrica de perii, in Oradea din 1922.\",\"breadcrumb\":{\"@id\":\"https:\\\/\\\/carlaszabo.com\\\/ro\\\/fabrica-de-perii\\\/#breadcrumb\"},\"inLanguage\":\"ro-RO\",\"potentialAction\":[{\"@type\":\"ReadAction\",\"target\":[\"https:\\\/\\\/carlaszabo.com\\\/ro\\\/fabrica-de-perii\\\/\"]}]},{\"@type\":\"ImageObject\",\"inLanguage\":\"ro-RO\",\"@id\":\"https:\\\/\\\/carlaszabo.com\\\/ro\\\/fabrica-de-perii\\\/#primaryimage\",\"url\":\"https:\\\/\\\/carlaszabo.com\\\/wp-content\\\/uploads\\\/2016\\\/05\\\/perind-cover.jpg\",\"contentUrl\":\"https:\\\/\\\/carlaszabo.com\\\/wp-content\\\/uploads\\\/2016\\\/05\\\/perind-cover.jpg\",\"width\":770,\"height\":443},{\"@type\":\"BreadcrumbList\",\"@id\":\"https:\\\/\\\/carlaszabo.com\\\/ro\\\/fabrica-de-perii\\\/#breadcrumb\",\"itemListElement\":[{\"@type\":\"ListItem\",\"position\":1,\"name\":\"Home\",\"item\":\"https:\\\/\\\/carlaszabo.com\\\/ro\\\/\"},{\"@type\":\"ListItem\",\"position\":2,\"name\":\"Fabrica de perii\"}]},{\"@type\":\"WebSite\",\"@id\":\"https:\\\/\\\/carlaszabo.com\\\/ro\\\/#website\",\"url\":\"https:\\\/\\\/carlaszabo.com\\\/ro\\\/\",\"name\":\"Carla Szabo\",\"description\":\"\",\"publisher\":{\"@id\":\"https:\\\/\\\/carlaszabo.com\\\/ro\\\/#organization\"},\"potentialAction\":[{\"@type\":\"SearchAction\",\"target\":{\"@type\":\"EntryPoint\",\"urlTemplate\":\"https:\\\/\\\/carlaszabo.com\\\/ro\\\/?s={search_term_string}\"},\"query-input\":{\"@type\":\"PropertyValueSpecification\",\"valueRequired\":true,\"valueName\":\"search_term_string\"}}],\"inLanguage\":\"ro-RO\"},{\"@type\":\"Organization\",\"@id\":\"https:\\\/\\\/carlaszabo.com\\\/ro\\\/#organization\",\"name\":\"Carla Szabo\",\"url\":\"https:\\\/\\\/carlaszabo.com\\\/ro\\\/\",\"logo\":{\"@type\":\"ImageObject\",\"inLanguage\":\"ro-RO\",\"@id\":\"https:\\\/\\\/carlaszabo.com\\\/ro\\\/#\\\/schema\\\/logo\\\/image\\\/\",\"url\":\"https:\\\/\\\/carlaszabo.com\\\/wp-content\\\/uploads\\\/2017\\\/09\\\/carla-logo.png\",\"contentUrl\":\"https:\\\/\\\/carlaszabo.com\\\/wp-content\\\/uploads\\\/2017\\\/09\\\/carla-logo.png\",\"width\":370,\"height\":49,\"caption\":\"Carla Szabo\"},\"image\":{\"@id\":\"https:\\\/\\\/carlaszabo.com\\\/ro\\\/#\\\/schema\\\/logo\\\/image\\\/\"}},{\"@type\":\"Person\",\"@id\":\"https:\\\/\\\/carlaszabo.com\\\/ro\\\/#\\\/schema\\\/person\\\/632d55df77975b18b692d9ba298f20fc\",\"name\":\"Carla Szabo\",\"image\":{\"@type\":\"ImageObject\",\"inLanguage\":\"ro-RO\",\"@id\":\"https:\\\/\\\/secure.gravatar.com\\\/avatar\\\/ff81d3ada2af144d608037d775a75de769b0e6155bdb6778c91dd749ecface4f?s=96&d=mm&r=g\",\"url\":\"https:\\\/\\\/secure.gravatar.com\\\/avatar\\\/ff81d3ada2af144d608037d775a75de769b0e6155bdb6778c91dd749ecface4f?s=96&d=mm&r=g\",\"contentUrl\":\"https:\\\/\\\/secure.gravatar.com\\\/avatar\\\/ff81d3ada2af144d608037d775a75de769b0e6155bdb6778c91dd749ecface4f?s=96&d=mm&r=g\",\"caption\":\"Carla Szabo\"},\"url\":\"https:\\\/\\\/carlaszabo.com\\\/ro\\\/author\\\/georgia-klebleev\\\/\"}]}<\/script>\n<!-- \/ Yoast SEO plugin. -->","yoast_head_json":{"title":"Fabrica de perii Perind","description":"Perind \/ Fabrica de perii, in Oradea din 1922.","robots":{"index":"index","follow":"follow","max-snippet":"max-snippet:-1","max-image-preview":"max-image-preview:large","max-video-preview":"max-video-preview:-1"},"canonical":"https:\/\/carlaszabo.com\/ro\/fabrica-de-perii\/","og_locale":"ro_RO","og_type":"article","og_title":"Fabrica de perii","og_description":"Perind \/ Fabrica de perii, in Oradea din 1922.","og_url":"https:\/\/carlaszabo.com\/ro\/fabrica-de-perii\/","og_site_name":"Carla Szabo","article_published_time":"2026-01-15T12:08:48+00:00","article_modified_time":"2026-01-15T12:25:43+00:00","og_image":[{"width":370,"height":49,"url":"https:\/\/carlaszabo.com\/wp-content\/uploads\/2017\/09\/carla-logo.png","type":"image\/png"}],"author":"Carla Szabo","twitter_card":"summary_large_image","twitter_misc":{"Scris de":"Carla Szabo","Timp estimat pentru citire":"4 minute"},"schema":{"@context":"https:\/\/schema.org","@graph":[{"@type":"Article","@id":"https:\/\/carlaszabo.com\/ro\/fabrica-de-perii\/#article","isPartOf":{"@id":"https:\/\/carlaszabo.com\/ro\/fabrica-de-perii\/"},"author":{"name":"Carla Szabo","@id":"https:\/\/carlaszabo.com\/ro\/#\/schema\/person\/632d55df77975b18b692d9ba298f20fc"},"headline":"Fabrica de perii","datePublished":"2026-01-15T12:08:48+00:00","dateModified":"2026-01-15T12:25:43+00:00","mainEntityOfPage":{"@id":"https:\/\/carlaszabo.com\/ro\/fabrica-de-perii\/"},"wordCount":849,"publisher":{"@id":"https:\/\/carlaszabo.com\/ro\/#organization"},"image":{"@id":"https:\/\/carlaszabo.com\/ro\/fabrica-de-perii\/#primaryimage"},"thumbnailUrl":"https:\/\/carlaszabo.com\/wp-content\/uploads\/2016\/05\/perind-cover.jpg","articleSection":["Design"],"inLanguage":"ro-RO"},{"@type":"WebPage","@id":"https:\/\/carlaszabo.com\/ro\/fabrica-de-perii\/","url":"https:\/\/carlaszabo.com\/ro\/fabrica-de-perii\/","name":"Fabrica de perii Perind","isPartOf":{"@id":"https:\/\/carlaszabo.com\/ro\/#website"},"primaryImageOfPage":{"@id":"https:\/\/carlaszabo.com\/ro\/fabrica-de-perii\/#primaryimage"},"image":{"@id":"https:\/\/carlaszabo.com\/ro\/fabrica-de-perii\/#primaryimage"},"thumbnailUrl":"https:\/\/carlaszabo.com\/wp-content\/uploads\/2016\/05\/perind-cover.jpg","datePublished":"2026-01-15T12:08:48+00:00","dateModified":"2026-01-15T12:25:43+00:00","description":"Perind \/ Fabrica de perii, in Oradea din 1922.","breadcrumb":{"@id":"https:\/\/carlaszabo.com\/ro\/fabrica-de-perii\/#breadcrumb"},"inLanguage":"ro-RO","potentialAction":[{"@type":"ReadAction","target":["https:\/\/carlaszabo.com\/ro\/fabrica-de-perii\/"]}]},{"@type":"ImageObject","inLanguage":"ro-RO","@id":"https:\/\/carlaszabo.com\/ro\/fabrica-de-perii\/#primaryimage","url":"https:\/\/carlaszabo.com\/wp-content\/uploads\/2016\/05\/perind-cover.jpg","contentUrl":"https:\/\/carlaszabo.com\/wp-content\/uploads\/2016\/05\/perind-cover.jpg","width":770,"height":443},{"@type":"BreadcrumbList","@id":"https:\/\/carlaszabo.com\/ro\/fabrica-de-perii\/#breadcrumb","itemListElement":[{"@type":"ListItem","position":1,"name":"Home","item":"https:\/\/carlaszabo.com\/ro\/"},{"@type":"ListItem","position":2,"name":"Fabrica de perii"}]},{"@type":"WebSite","@id":"https:\/\/carlaszabo.com\/ro\/#website","url":"https:\/\/carlaszabo.com\/ro\/","name":"Carla Szabo","description":"","publisher":{"@id":"https:\/\/carlaszabo.com\/ro\/#organization"},"potentialAction":[{"@type":"SearchAction","target":{"@type":"EntryPoint","urlTemplate":"https:\/\/carlaszabo.com\/ro\/?s={search_term_string}"},"query-input":{"@type":"PropertyValueSpecification","valueRequired":true,"valueName":"search_term_string"}}],"inLanguage":"ro-RO"},{"@type":"Organization","@id":"https:\/\/carlaszabo.com\/ro\/#organization","name":"Carla Szabo","url":"https:\/\/carlaszabo.com\/ro\/","logo":{"@type":"ImageObject","inLanguage":"ro-RO","@id":"https:\/\/carlaszabo.com\/ro\/#\/schema\/logo\/image\/","url":"https:\/\/carlaszabo.com\/wp-content\/uploads\/2017\/09\/carla-logo.png","contentUrl":"https:\/\/carlaszabo.com\/wp-content\/uploads\/2017\/09\/carla-logo.png","width":370,"height":49,"caption":"Carla Szabo"},"image":{"@id":"https:\/\/carlaszabo.com\/ro\/#\/schema\/logo\/image\/"}},{"@type":"Person","@id":"https:\/\/carlaszabo.com\/ro\/#\/schema\/person\/632d55df77975b18b692d9ba298f20fc","name":"Carla Szabo","image":{"@type":"ImageObject","inLanguage":"ro-RO","@id":"https:\/\/secure.gravatar.com\/avatar\/ff81d3ada2af144d608037d775a75de769b0e6155bdb6778c91dd749ecface4f?s=96&d=mm&r=g","url":"https:\/\/secure.gravatar.com\/avatar\/ff81d3ada2af144d608037d775a75de769b0e6155bdb6778c91dd749ecface4f?s=96&d=mm&r=g","contentUrl":"https:\/\/secure.gravatar.com\/avatar\/ff81d3ada2af144d608037d775a75de769b0e6155bdb6778c91dd749ecface4f?s=96&d=mm&r=g","caption":"Carla Szabo"},"url":"https:\/\/carlaszabo.com\/ro\/author\/georgia-klebleev\/"}]}},"_links":{"self":[{"href":"https:\/\/carlaszabo.com\/ro\/wp-json\/wp\/v2\/posts\/87594","targetHints":{"allow":["GET"]}}],"collection":[{"href":"https:\/\/carlaszabo.com\/ro\/wp-json\/wp\/v2\/posts"}],"about":[{"href":"https:\/\/carlaszabo.com\/ro\/wp-json\/wp\/v2\/types\/post"}],"author":[{"embeddable":true,"href":"https:\/\/carlaszabo.com\/ro\/wp-json\/wp\/v2\/users\/2"}],"replies":[{"embeddable":true,"href":"https:\/\/carlaszabo.com\/ro\/wp-json\/wp\/v2\/comments?post=87594"}],"version-history":[{"count":4,"href":"https:\/\/carlaszabo.com\/ro\/wp-json\/wp\/v2\/posts\/87594\/revisions"}],"predecessor-version":[{"id":384731,"href":"https:\/\/carlaszabo.com\/ro\/wp-json\/wp\/v2\/posts\/87594\/revisions\/384731"}],"wp:featuredmedia":[{"embeddable":true,"href":"https:\/\/carlaszabo.com\/ro\/wp-json\/wp\/v2\/media\/87598"}],"wp:attachment":[{"href":"https:\/\/carlaszabo.com\/ro\/wp-json\/wp\/v2\/media?parent=87594"}],"wp:term":[{"taxonomy":"category","embeddable":true,"href":"https:\/\/carlaszabo.com\/ro\/wp-json\/wp\/v2\/categories?post=87594"},{"taxonomy":"post_tag","embeddable":true,"href":"https:\/\/carlaszabo.com\/ro\/wp-json\/wp\/v2\/tags?post=87594"}],"curies":[{"name":"wp","href":"https:\/\/api.w.org\/{rel}","templated":true}]}}